{"id":256,"date":"2018-03-13T09:48:45","date_gmt":"2018-03-13T08:48:45","guid":{"rendered":"http:\/\/www.orno.be\/?p=256"},"modified":"2018-03-13T09:50:54","modified_gmt":"2018-03-13T08:50:54","slug":"14-mars-2018-ag-constitutive-de-lasbl-orno","status":"publish","type":"post","link":"https:\/\/www.orno.be\/index.php\/2018\/03\/13\/14-mars-2018-ag-constitutive-de-lasbl-orno\/","title":{"rendered":"14 mars 2018: AG constitutive de l&rsquo;ASBL Orno"},"content":{"rendered":"<p>C&rsquo;est avec une grande joie que nous avons le plaisir de vous faire part de la tenue l&rsquo;Assembl\u00e9e G\u00e9n\u00e9rale Constitutive de l&rsquo;ASBL Orno. Elle aura lieu le mercredi\u00a0<strong>14 mars 2018 \u00e0 20h<\/strong>, au restaurant\u00a0<a href=\"https:\/\/www.rosalieresto.be\/\"><em>Rosalie<\/em>\u00a0<\/a>(Chauss\u00e9e de Charleroi 69, \u00e0 Gembloux). C&rsquo;est une \u00e9tape importante dans la vie de notre projet et dans celle des communes de Sombreffe et Gembloux, les deux premiers territoires o\u00f9 circulera notre prochaine monnaie locale .<\/p>\n<p>Cette AG finalise tout le travail de pr\u00e9paration accompli depuis 3 ans et marque bien s\u00fbr le d\u00e9but de l&rsquo;aventure li\u00e9e \u00e0 la prochaine circulation des bons de soutien \u00e0 l&rsquo;\u00e9conomie locale Orno, pr\u00e9vue pour juin 2018. L&rsquo;ASBL sera l&rsquo;entit\u00e9 qui garantit la bonne circulation de ces bons, ainsi qu&rsquo;un lieu de d\u00e9cision d\u00e9mocratique regroupant toutes les parties prenantes du projet.<\/p>\n<p>Cette premi\u00e8re AG n&rsquo;a pas un caract\u00e8re public tr\u00e8s large, elle rassemblera des personnes impliqu\u00e9es de pr\u00e8s ou de loin au parcours d\u00e9j\u00e0 accompli, elle finalisera ses statuts autour des membres fondateurs et devra nommer un premier conseil d&rsquo;administration. Un programme d&rsquo;activit\u00e9s conduisant au lancement de la monnaie pendant le mois de juin sera \u00e9galement repr\u00e9cis\u00e9, il fera l&rsquo;objet d&rsquo;une publicit\u00e9 plus large ensuite. Nous tenions n\u00e9anmoins \u00e0 faire part de cet \u00e9v\u00e9nement fondateur aux partenaires de la presse \u00e9crite et t\u00e9l\u00e9visuelle, et aux r\u00e9seaux qui nous suivent \u00e9galement depuis quelques temps. Si vous souhaitez \u00eatre pr\u00e9sent pour pouvoir relayer ensuite ce moment, merci de nous faire part de votre venue par retour de mail.<\/p>\n<p>Ce 14 mars, nous pourrons dire : vive l&rsquo;Orno, yes Orno !<\/p>\n","protected":false},"excerpt":{"rendered":"<p>C&rsquo;est avec une grande joie que nous avons le plaisir de vous faire part de la tenue l&rsquo;Assembl\u00e9e G\u00e9n\u00e9rale Constitutive de l&rsquo;ASBL Orno. Elle aura lieu le mercredi\u00a014 mars 2018 \u00e0 20h, au restaurant\u00a0Rosalie\u00a0(Chauss\u00e9e de Charleroi 69, \u00e0 Gembloux). C&rsquo;est une \u00e9tape importante dans la vie de notre projet et dans celle des communes de &hellip; <a href=\"https:\/\/www.orno.be\/index.php\/2018\/03\/13\/14-mars-2018-ag-constitutive-de-lasbl-orno\/\" title=\"14 mars 2018: AG constitutive de l&rsquo;ASBL Orno\" class=\"read-more\">Read More<\/a><\/p>\n","protected":false},"author":1,"featured_media":0,"comment_status":"open","ping_status":"open","sticky":false,"template":"","format":"standard","meta":{"jetpack_post_was_ever_published":false,"_jetpack_newsletter_access":"","_jetpack_dont_email_post_to_subs":false,"_jetpack_newsletter_tier_id":0,"_jetpack_memberships_contains_paywalled_content":false,"_jetpack_memberships_contains_paid_content":false,"footnotes":"","jetpack_publicize_message":"","jetpack_publicize_feature_enabled":true,"jetpack_social_post_already_shared":true,"jetpack_social_options":{"image_generator_settings":{"template":"highway","default_image_id":0,"font":"","enabled":false},"version":2}},"categories":[3],"tags":[11,12,9,13],"class_list":["post-256","post","type-post","status-publish","format-standard","hentry","category-event","tag-ag","tag-asbl","tag-orno","tag-rosalie"],"yoast_head":"<!-- This site is optimized with the Yoast SEO plugin v26.0 - https:\/\/yoast.com\/wordpress\/plugins\/seo\/ -->\n<title>14 mars 2018: AG constitutive de l&#039;ASBL Orno - Orno<\/title>\n<meta name=\"robots\" content=\"index, follow, max-snippet:-1, max-image-preview:large, max-video-preview:-1\" \/>\n<link rel=\"canonical\" href=\"http:\/\/www.orno.be\/index.php\/2018\/03\/13\/14-mars-2018-ag-constitutive-de-lasbl-orno\/\" \/>\n<meta property=\"og:locale\" content=\"fr_FR\" \/>\n<meta property=\"og:type\" content=\"article\" \/>\n<meta property=\"og:title\" content=\"14 mars 2018: AG constitutive de l&#039;ASBL Orno - Orno\" \/>\n<meta property=\"og:description\" content=\"C&rsquo;est avec une grande joie que nous avons le plaisir de vous faire part de la tenue l&rsquo;Assembl\u00e9e G\u00e9n\u00e9rale Constitutive de l&rsquo;ASBL Orno. Elle aura lieu le mercredi\u00a014 mars 2018 \u00e0 20h, au restaurant\u00a0Rosalie\u00a0(Chauss\u00e9e de Charleroi 69, \u00e0 Gembloux). C&rsquo;est une \u00e9tape importante dans la vie de notre projet et dans celle des communes de [&hellip;]\" \/>\n<meta property=\"og:url\" content=\"http:\/\/www.orno.be\/index.php\/2018\/03\/13\/14-mars-2018-ag-constitutive-de-lasbl-orno\/\" \/>\n<meta property=\"og:site_name\" content=\"Orno\" \/>\n<meta property=\"article:published_time\" content=\"2018-03-13T08:48:45+00:00\" \/>\n<meta property=\"article:modified_time\" content=\"2018-03-13T08:50:54+00:00\" \/>\n<meta name=\"author\" content=\"Eric\" \/>\n<meta name=\"twitter:card\" content=\"summary_large_image\" \/>\n<meta name=\"twitter:label1\" content=\"\u00c9crit par\" \/>\n\t<meta name=\"twitter:data1\" content=\"Eric\" \/>\n\t<meta name=\"twitter:label2\" content=\"Dur\u00e9e de lecture estim\u00e9e\" \/>\n\t<meta name=\"twitter:data2\" content=\"1 minute\" \/>\n<script type=\"application\/ld+json\" class=\"yoast-schema-graph\">{\"@context\":\"https:\/\/schema.org\",\"@graph\":[{\"@type\":\"WebPage\",\"@id\":\"http:\/\/www.orno.be\/index.php\/2018\/03\/13\/14-mars-2018-ag-constitutive-de-lasbl-orno\/\",\"url\":\"http:\/\/www.orno.be\/index.php\/2018\/03\/13\/14-mars-2018-ag-constitutive-de-lasbl-orno\/\",\"name\":\"14 mars 2018: AG constitutive de l'ASBL Orno - Orno\",\"isPartOf\":{\"@id\":\"https:\/\/www.orno.be\/#website\"},\"datePublished\":\"2018-03-13T08:48:45+00:00\",\"dateModified\":\"2018-03-13T08:50:54+00:00\",\"author\":{\"@id\":\"https:\/\/www.orno.be\/#\/schema\/person\/3e39a6d27d5779c76dd32d4096a53844\"},\"breadcrumb\":{\"@id\":\"http:\/\/www.orno.be\/index.php\/2018\/03\/13\/14-mars-2018-ag-constitutive-de-lasbl-orno\/#breadcrumb\"},\"inLanguage\":\"fr-FR\",\"potentialAction\":[{\"@type\":\"ReadAction\",\"target\":[\"http:\/\/www.orno.be\/index.php\/2018\/03\/13\/14-mars-2018-ag-constitutive-de-lasbl-orno\/\"]}]},{\"@type\":\"BreadcrumbList\",\"@id\":\"http:\/\/www.orno.be\/index.php\/2018\/03\/13\/14-mars-2018-ag-constitutive-de-lasbl-orno\/#breadcrumb\",\"itemListElement\":[{\"@type\":\"ListItem\",\"position\":1,\"name\":\"Accueil\",\"item\":\"https:\/\/www.orno.be\/\"},{\"@type\":\"ListItem\",\"position\":2,\"name\":\"14 mars 2018: AG constitutive de l&rsquo;ASBL Orno\"}]},{\"@type\":\"WebSite\",\"@id\":\"https:\/\/www.orno.be\/#website\",\"url\":\"https:\/\/www.orno.be\/\",\"name\":\"Orno\",\"description\":\"Monnaie citoyenne de la r\u00e9gion de Gembloux et Sombreffe\",\"potentialAction\":[{\"@type\":\"SearchAction\",\"target\":{\"@type\":\"EntryPoint\",\"urlTemplate\":\"https:\/\/www.orno.be\/?s={search_term_string}\"},\"query-input\":{\"@type\":\"PropertyValueSpecification\",\"valueRequired\":true,\"valueName\":\"search_term_string\"}}],\"inLanguage\":\"fr-FR\"},{\"@type\":\"Person\",\"@id\":\"https:\/\/www.orno.be\/#\/schema\/person\/3e39a6d27d5779c76dd32d4096a53844\",\"name\":\"Eric\",\"image\":{\"@type\":\"ImageObject\",\"inLanguage\":\"fr-FR\",\"@id\":\"https:\/\/www.orno.be\/#\/schema\/person\/image\/\",\"url\":\"https:\/\/secure.gravatar.com\/avatar\/de22a1881f5c17cb2fd24eb08835f5d074674447bb037b3285ef102b8f3efb50?s=96&d=mm&r=g\",\"contentUrl\":\"https:\/\/secure.gravatar.com\/avatar\/de22a1881f5c17cb2fd24eb08835f5d074674447bb037b3285ef102b8f3efb50?s=96&d=mm&r=g\",\"caption\":\"Eric\"},\"url\":\"https:\/\/www.orno.be\/index.php\/author\/eric\/\"}]}<\/script>\n<!-- \/ Yoast SEO plugin. -->","yoast_head_json":{"title":"14 mars 2018: AG constitutive de l'ASBL Orno - Orno","robots":{"index":"index","follow":"follow","max-snippet":"max-snippet:-1","max-image-preview":"max-image-preview:large","max-video-preview":"max-video-preview:-1"},"canonical":"http:\/\/www.orno.be\/index.php\/2018\/03\/13\/14-mars-2018-ag-constitutive-de-lasbl-orno\/","og_locale":"fr_FR","og_type":"article","og_title":"14 mars 2018: AG constitutive de l'ASBL Orno - Orno","og_description":"C&rsquo;est avec une grande joie que nous avons le plaisir de vous faire part de la tenue l&rsquo;Assembl\u00e9e G\u00e9n\u00e9rale Constitutive de l&rsquo;ASBL Orno. Elle aura lieu le mercredi\u00a014 mars 2018 \u00e0 20h, au restaurant\u00a0Rosalie\u00a0(Chauss\u00e9e de Charleroi 69, \u00e0 Gembloux). C&rsquo;est une \u00e9tape importante dans la vie de notre projet et dans celle des communes de [&hellip;]","og_url":"http:\/\/www.orno.be\/index.php\/2018\/03\/13\/14-mars-2018-ag-constitutive-de-lasbl-orno\/","og_site_name":"Orno","article_published_time":"2018-03-13T08:48:45+00:00","article_modified_time":"2018-03-13T08:50:54+00:00","author":"Eric","twitter_card":"summary_large_image","twitter_misc":{"\u00c9crit par":"Eric","Dur\u00e9e de lecture estim\u00e9e":"1 minute"},"schema":{"@context":"https:\/\/schema.org","@graph":[{"@type":"WebPage","@id":"http:\/\/www.orno.be\/index.php\/2018\/03\/13\/14-mars-2018-ag-constitutive-de-lasbl-orno\/","url":"http:\/\/www.orno.be\/index.php\/2018\/03\/13\/14-mars-2018-ag-constitutive-de-lasbl-orno\/","name":"14 mars 2018: AG constitutive de l'ASBL Orno - Orno","isPartOf":{"@id":"https:\/\/www.orno.be\/#website"},"datePublished":"2018-03-13T08:48:45+00:00","dateModified":"2018-03-13T08:50:54+00:00","author":{"@id":"https:\/\/www.orno.be\/#\/schema\/person\/3e39a6d27d5779c76dd32d4096a53844"},"breadcrumb":{"@id":"http:\/\/www.orno.be\/index.php\/2018\/03\/13\/14-mars-2018-ag-constitutive-de-lasbl-orno\/#breadcrumb"},"inLanguage":"fr-FR","potentialAction":[{"@type":"ReadAction","target":["http:\/\/www.orno.be\/index.php\/2018\/03\/13\/14-mars-2018-ag-constitutive-de-lasbl-orno\/"]}]},{"@type":"BreadcrumbList","@id":"http:\/\/www.orno.be\/index.php\/2018\/03\/13\/14-mars-2018-ag-constitutive-de-lasbl-orno\/#breadcrumb","itemListElement":[{"@type":"ListItem","position":1,"name":"Accueil","item":"https:\/\/www.orno.be\/"},{"@type":"ListItem","position":2,"name":"14 mars 2018: AG constitutive de l&rsquo;ASBL Orno"}]},{"@type":"WebSite","@id":"https:\/\/www.orno.be\/#website","url":"https:\/\/www.orno.be\/","name":"Orno","description":"Monnaie citoyenne de la r\u00e9gion de Gembloux et Sombreffe","potentialAction":[{"@type":"SearchAction","target":{"@type":"EntryPoint","urlTemplate":"https:\/\/www.orno.be\/?s={search_term_string}"},"query-input":{"@type":"PropertyValueSpecification","valueRequired":true,"valueName":"search_term_string"}}],"inLanguage":"fr-FR"},{"@type":"Person","@id":"https:\/\/www.orno.be\/#\/schema\/person\/3e39a6d27d5779c76dd32d4096a53844","name":"Eric","image":{"@type":"ImageObject","inLanguage":"fr-FR","@id":"https:\/\/www.orno.be\/#\/schema\/person\/image\/","url":"https:\/\/secure.gravatar.com\/avatar\/de22a1881f5c17cb2fd24eb08835f5d074674447bb037b3285ef102b8f3efb50?s=96&d=mm&r=g","contentUrl":"https:\/\/secure.gravatar.com\/avatar\/de22a1881f5c17cb2fd24eb08835f5d074674447bb037b3285ef102b8f3efb50?s=96&d=mm&r=g","caption":"Eric"},"url":"https:\/\/www.orno.be\/index.php\/author\/eric\/"}]}},"jetpack_publicize_connections":[],"jetpack_featured_media_url":"","jetpack_sharing_enabled":true,"jetpack_shortlink":"https:\/\/wp.me\/p9lcRP-48","jetpack_likes_enabled":true,"jetpack-related-posts":[],"_links":{"self":[{"href":"https:\/\/www.orno.be\/index.php\/wp-json\/wp\/v2\/posts\/256","targetHints":{"allow":["GET"]}}],"collection":[{"href":"https:\/\/www.orno.be\/index.php\/wp-json\/wp\/v2\/posts"}],"about":[{"href":"https:\/\/www.orno.be\/index.php\/wp-json\/wp\/v2\/types\/post"}],"author":[{"embeddable":true,"href":"https:\/\/www.orno.be\/index.php\/wp-json\/wp\/v2\/users\/1"}],"replies":[{"embeddable":true,"href":"https:\/\/www.orno.be\/index.php\/wp-json\/wp\/v2\/comments?post=256"}],"version-history":[{"count":2,"href":"https:\/\/www.orno.be\/index.php\/wp-json\/wp\/v2\/posts\/256\/revisions"}],"predecessor-version":[{"id":258,"href":"https:\/\/www.orno.be\/index.php\/wp-json\/wp\/v2\/posts\/256\/revisions\/258"}],"wp:attachment":[{"href":"https:\/\/www.orno.be\/index.php\/wp-json\/wp\/v2\/media?parent=256"}],"wp:term":[{"taxonomy":"category","embeddable":true,"href":"https:\/\/www.orno.be\/index.php\/wp-json\/wp\/v2\/categories?post=256"},{"taxonomy":"post_tag","embeddable":true,"href":"https:\/\/www.orno.be\/index.php\/wp-json\/wp\/v2\/tags?post=256"}],"curies":[{"name":"wp","href":"https:\/\/api.w.org\/{rel}","templated":true}]}}